{"id":799,"date":"2026-01-18T10:10:54","date_gmt":"2026-01-18T10:10:54","guid":{"rendered":"https:\/\/isolameteo.it\/wordpress\/?p=799"},"modified":"2026-01-18T10:10:58","modified_gmt":"2026-01-18T10:10:58","slug":"forte-maltempo-in-arrivo-costa-est-sotto-scacco-tra-vento-e-pioggia","status":"publish","type":"post","link":"https:\/\/isolameteo.it\/wordpress\/index.php\/2026\/01\/18\/forte-maltempo-in-arrivo-costa-est-sotto-scacco-tra-vento-e-pioggia\/","title":{"rendered":"Forte maltempo in arrivo, costa EST sotto scacco tra vento e pioggia."},"content":{"rendered":"\n<h3 class=\"wp-block-heading\"><strong>Analisi Previsionale Sardegna: Forte Ondata di Maltempo da Sud-Est<\/strong><\/h3>\n\n\n\n<p>Si delinea un quadro meteorologico critico per la Sardegna. Una profonda circolazione depressionaria attiver\u00e0 un intenso richiamo di correnti umide e tempestose dai quadranti orientali (<strong>Levante e Scirocco<\/strong>). Questa configurazione esporr\u00e0 l&#8217;intero versante orientale dell&#8217;isola a fenomeni severi e persistenti.<\/p>\n\n\n\n<hr class=\"wp-block-separator has-alpha-channel-opacity\"\/>\n\n\n\n<h3 class=\"wp-block-heading\"><strong>Cronoprogramma dell&#8217;Evento<\/strong><\/h3>\n\n\n\n<h4 class=\"wp-block-heading\"><strong>Domenica Sera (18 Gennaio): Primi Segnali<\/strong><\/h4>\n\n\n\n<p>Il tempo sulla Sardegna inizier\u00e0 a peggiorare rapidamente dalla serata di domenica.<\/p>\n\n\n\n<ul class=\"wp-block-list\">\n<li><strong>Vento:<\/strong> La ventilazione orientale rinforzer\u00e0 sensibilmente su tutto il Tirreno e il Canale di Sardegna.<\/li>\n\n\n\n<li><strong>Piogge:<\/strong> Le prime precipitazioni raggiungeranno la costa orientale, in particolare <strong>Gallura, Baronia e Ogliastra<\/strong>, intensificandosi nel corso della notte.<\/li>\n<\/ul>\n\n\n\n<h4 class=\"wp-block-heading\"><strong>Luned\u00ec 19 Gennaio: La Fase Acuta<\/strong><\/h4>\n\n\n\n<p>Sar\u00e0 la giornata pi\u00f9 difficile. Il gradiente barico stretto trasformer\u00e0 la ventilazione in burrasca.<\/p>\n\n\n\n<ul class=\"wp-block-list\">\n<li><strong>Vento Tempestoso:<\/strong> Raffiche violente di Scirocco spazzeranno la fascia orientale e il sud dell&#8217;isola. Attese punte superiori ai <strong>1<\/strong><strong>2<\/strong><strong>0 km\/h<\/strong> su <strong>Capo Carbonara, Capo Bellavista<\/strong> e anche a <strong>140 km\/h<\/strong> sulle creste del <strong>Gennargentu<\/strong>.<\/li>\n\n\n\n<li><strong>Mareggiate:<\/strong> Il mare, molto agitato o grosso, provocher\u00e0 violente mareggiate su tutto il litorale orientale (da Olbia a Villasimius). Onde alte e potenti flagelleranno le coste esposte, con rischio di erosione e danni alle strutture balneari.<\/li>\n<\/ul>\n\n\n<div class=\"wp-block-image\">\n<figure class=\"aligncenter size-large is-resized\"><img loading=\"lazy\" decoding=\"async\" width=\"1024\" height=\"1004\" src=\"https:\/\/isolameteo.it\/wordpress\/wp-content\/uploads\/2026\/01\/Screenshot_20260118-100719-1024x1004.png\" alt=\"\" class=\"wp-image-800\" style=\"width:500px\" srcset=\"https:\/\/isolameteo.it\/wordpress\/wp-content\/uploads\/2026\/01\/Screenshot_20260118-100719-1024x1004.png 1024w, https:\/\/isolameteo.it\/wordpress\/wp-content\/uploads\/2026\/01\/Screenshot_20260118-100719-300x294.png 300w, https:\/\/isolameteo.it\/wordpress\/wp-content\/uploads\/2026\/01\/Screenshot_20260118-100719-768x753.png 768w, https:\/\/isolameteo.it\/wordpress\/wp-content\/uploads\/2026\/01\/Screenshot_20260118-100719.png 1280w\" sizes=\"auto, (max-width: 1024px) 100vw, 1024px\" \/><\/figure>\n<\/div>\n\n\n<h4 class=\"wp-block-heading\"><strong>Marted\u00ec 20 Gennaio: Insistenza dei Fenomeni<\/strong><\/h4>\n\n\n\n<p>La perturbazione rester\u00e0 bloccata sull&#8217;isola, mantenendo condizioni di forte instabilit\u00e0.<\/p>\n\n\n\n<ul class=\"wp-block-list\">\n<li><strong>Vento :<\/strong> Ancora raffiche violente di Scirocco spazzeranno la fascia orientale e il sud dell&#8217;isola. <strong>Si replicheranno valori simili a Luned\u00ec ma il vento inizier\u00e0 a rallentare nel corso del pomeriggio<\/strong>.<\/li>\n\n\n\n<li><strong>Mareggiate:<\/strong> Il mare si manterr\u00e0 molto agitato o grosso e provocher\u00e0 ancora violente mareggiate su tutto il litorale orientale.<\/li>\n<\/ul>\n\n\n<div class=\"wp-block-image\">\n<figure class=\"aligncenter size-large is-resized\"><img loading=\"lazy\" decoding=\"async\" width=\"1024\" height=\"1024\" src=\"https:\/\/isolameteo.it\/wordpress\/wp-content\/uploads\/2026\/01\/Screenshot_20260118-095605-1-1024x1024.png\" alt=\"\" class=\"wp-image-802\" style=\"width:500px\" srcset=\"https:\/\/isolameteo.it\/wordpress\/wp-content\/uploads\/2026\/01\/Screenshot_20260118-095605-1-1024x1024.png 1024w, https:\/\/isolameteo.it\/wordpress\/wp-content\/uploads\/2026\/01\/Screenshot_20260118-095605-1-300x300.png 300w, https:\/\/isolameteo.it\/wordpress\/wp-content\/uploads\/2026\/01\/Screenshot_20260118-095605-1-150x150.png 150w, https:\/\/isolameteo.it\/wordpress\/wp-content\/uploads\/2026\/01\/Screenshot_20260118-095605-1-768x768.png 768w, https:\/\/isolameteo.it\/wordpress\/wp-content\/uploads\/2026\/01\/Screenshot_20260118-095605-1.png 1280w\" sizes=\"auto, (max-width: 1024px) 100vw, 1024px\" \/><\/figure>\n<\/div>\n\n\n<h4 class=\"wp-block-heading\"><strong>Mercoled\u00ec 21 Gennaio: Miglioramento<\/strong><\/h4>\n\n\n\n<p>La perturbazione lascer\u00e0 la Sardegna favorendo il ritorno a condizioni normali.<\/p>\n\n\n\n<hr class=\"wp-block-separator has-alpha-channel-opacity\"\/>\n\n\n\n<h3 class=\"wp-block-heading\"><strong>Dettaglio Settori e Parametri<\/strong><\/h3>\n\n\n\n<h4 class=\"wp-block-heading\"><strong>1. Precipitazioni: Allerta sul Versante Orientale<\/strong><\/h4>\n\n\n\n<p>La configurazione da Est capovolge la classica distribuzione delle piogge atlantiche:<\/p>\n\n\n\n<ul class=\"wp-block-list\">\n<li><strong>Zone a Rischio (Versante Orientale):<\/strong> L&#8217;umidit\u00e0 del mare verr\u00e0 spinta con forza contro i rilievi sardi orientali (Gennargentu, Supramonte, monti della Gallura). Si attiver\u00e0 un forte effetto &#8220;Stau&#8221; (sollevamento forzato dell&#8217;aria) che scaricher\u00e0 ingenti quantit\u00e0 di pioggia.<\/li>\n\n\n\n<li><strong>Ogliastra, Sarrabus-Gerrei, Baronia e Gallura<\/strong> potrebbero registrare accumuli pluviometrici molto elevati (anche oltre i <strong>1<\/strong><strong>3<\/strong><strong>0-1<\/strong><strong>8<\/strong><strong>0 mm<\/strong> totali), con elevato rischio di piene improvvise per i bacini idrografici rivolti a est.<\/li>\n\n\n\n<li>Accumuli complessivi dei 2\/3 giorni di maltempo nell\u2019ordine di 350mm nel <strong>Gennargentu<\/strong>.<\/li>\n\n\n\n<li><strong>Versante Occidentale (Sottovento):<\/strong> L&#8217;Oristanese, il Sassarese occidentale e il Sulcis si troveranno parzialmente riparati dai monti. Qui il tempo sar\u00e0 molto ventoso, ma con piogge decisamente pi\u00f9 scarse e irregolari.<\/li>\n<\/ul>\n\n\n<div class=\"wp-block-image\">\n<figure class=\"aligncenter size-large is-resized\"><img loading=\"lazy\" decoding=\"async\" width=\"1024\" height=\"1024\" src=\"https:\/\/isolameteo.it\/wordpress\/wp-content\/uploads\/2026\/01\/Screenshot_20260118-095758-1024x1024.png\" alt=\"\" class=\"wp-image-803\" style=\"width:500px\" srcset=\"https:\/\/isolameteo.it\/wordpress\/wp-content\/uploads\/2026\/01\/Screenshot_20260118-095758-1024x1024.png 1024w, https:\/\/isolameteo.it\/wordpress\/wp-content\/uploads\/2026\/01\/Screenshot_20260118-095758-300x300.png 300w, https:\/\/isolameteo.it\/wordpress\/wp-content\/uploads\/2026\/01\/Screenshot_20260118-095758-150x150.png 150w, https:\/\/isolameteo.it\/wordpress\/wp-content\/uploads\/2026\/01\/Screenshot_20260118-095758-768x768.png 768w, https:\/\/isolameteo.it\/wordpress\/wp-content\/uploads\/2026\/01\/Screenshot_20260118-095758.png 1268w\" sizes=\"auto, (max-width: 1024px) 100vw, 1024px\" \/><\/figure>\n<\/div>\n\n\n<h4 class=\"wp-block-heading\"><strong>2. Temperature e Quota Neve<\/strong><\/h4>\n\n\n\n<p>Lo Scirocco porter\u00e0 aria mite dal Nord Africa.<\/p>\n\n\n\n<ul class=\"wp-block-list\">\n<li><strong>Temperature:<\/strong> In sensibile aumento, specie nei valori minimi e notturni.<\/li>\n\n\n\n<li><strong>Neve:<\/strong> Lo zero termico schizzer\u00e0 verso l&#8217;alto, posizionandosi probabilmente oltre i <strong>1800-2000 metri<\/strong>.\n<ul class=\"wp-block-list\">\n<li><strong>Conseguenza:<\/strong> Piover\u00e0 anche sulle cime pi\u00f9 alte del Bruncu Spina e Punta La Marmora. La pioggia calda su eventuale neve preesistente accelerer\u00e0 la fusione, aumentando il volume d&#8217;acqua che si riverser\u00e0 nei fiumi a valle.<\/li>\n<\/ul>\n<\/li>\n<\/ul>\n\n\n\n<h3 class=\"wp-block-heading\"><strong>Sintesi degli Avvisi per la Sardegna<\/strong><\/h3>\n\n\n\n<p>Per il periodo Domenica 18 (sera) &#8211; Marted\u00ec 20:<\/p>\n\n\n\n<ol class=\"wp-block-list\">\n<li><strong>Mareggiate Estreme:<\/strong> Prestare massima attenzione lungo tutta la <strong>Statale 125 Orientale Sarda<\/strong> e le localit\u00e0 costiere esposte a Est.<\/li>\n\n\n\n<li><strong>Vento di Burrasca:<\/strong> Forti raffiche da Sud-Est su Cagliaritano e coste orientali.<\/li>\n\n\n\n<li><strong>Rischio Idrogeologico:<\/strong> Elevato sui settori orientali (Gallura, Baronia, Ogliastra, Sarrabus) per piogge persistenti e abbondanti.<\/li>\n\n\n\n<li><strong>Mi aspetto l&#8217;emissione di allerte diffuse (anche rosse) e la chiusura delle scuole specie nei paesi della costa Orientale e Sud-Orientale (Pula e dintorni).<\/strong><\/li>\n<\/ol>\n\n\n\n<p>Al prossimo aggiornamento.<\/p>\n\n\n\n<p><\/p>\n","protected":false},"excerpt":{"rendered":"<p>Analisi Previsionale Sardegna: Forte Ondata di Maltempo da Sud-Est Si delinea un quadro meteorologico critico per la Sardegna. Una profonda circolazione depressionaria attiver\u00e0 un intenso richiamo di correnti umide e tempestose dai quadranti orientali (Levante e Scirocco). Questa configurazione esporr\u00e0 l&#8217;intero versante orientale dell&#8217;isola a fenomeni severi e persistenti. Cronoprogramma dell&#8217;Evento Domenica Sera (18 Gennaio): [&hellip;]<\/p>\n","protected":false},"author":1,"featured_media":802,"comment_status":"closed","ping_status":"closed","sticky":false,"template":"","format":"standard","meta":{"cybocfi_hide_featured_image":"","footnotes":""},"categories":[3],"tags":[12,4,7,6,5,70,11,9],"class_list":["post-799","post","type-post","status-publish","format-standard","has-post-thumbnail","hentry","category-analisi-e-previsioni","tag-maltempo","tag-meteo","tag-pioggia","tag-previsioni","tag-sardegna","tag-scirocco","tag-temporali","tag-vento"],"jetpack_featured_media_url":"https:\/\/isolameteo.it\/wordpress\/wp-content\/uploads\/2026\/01\/Screenshot_20260118-095605-1.png","_links":{"self":[{"href":"https:\/\/isolameteo.it\/wordpress\/index.php\/wp-json\/wp\/v2\/posts\/799","targetHints":{"allow":["GET"]}}],"collection":[{"href":"https:\/\/isolameteo.it\/wordpress\/index.php\/wp-json\/wp\/v2\/posts"}],"about":[{"href":"https:\/\/isolameteo.it\/wordpress\/index.php\/wp-json\/wp\/v2\/types\/post"}],"author":[{"embeddable":true,"href":"https:\/\/isolameteo.it\/wordpress\/index.php\/wp-json\/wp\/v2\/users\/1"}],"replies":[{"embeddable":true,"href":"https:\/\/isolameteo.it\/wordpress\/index.php\/wp-json\/wp\/v2\/comments?post=799"}],"version-history":[{"count":2,"href":"https:\/\/isolameteo.it\/wordpress\/index.php\/wp-json\/wp\/v2\/posts\/799\/revisions"}],"predecessor-version":[{"id":805,"href":"https:\/\/isolameteo.it\/wordpress\/index.php\/wp-json\/wp\/v2\/posts\/799\/revisions\/805"}],"wp:featuredmedia":[{"embeddable":true,"href":"https:\/\/isolameteo.it\/wordpress\/index.php\/wp-json\/wp\/v2\/media\/802"}],"wp:attachment":[{"href":"https:\/\/isolameteo.it\/wordpress\/index.php\/wp-json\/wp\/v2\/media?parent=799"}],"wp:term":[{"taxonomy":"category","embeddable":true,"href":"https:\/\/isolameteo.it\/wordpress\/index.php\/wp-json\/wp\/v2\/categories?post=799"},{"taxonomy":"post_tag","embeddable":true,"href":"https:\/\/isolameteo.it\/wordpress\/index.php\/wp-json\/wp\/v2\/tags?post=799"}],"curies":[{"name":"wp","href":"https:\/\/api.w.org\/{rel}","templated":true}]}}