{"id":692,"date":"2025-08-26T19:55:04","date_gmt":"2025-08-26T19:55:04","guid":{"rendered":"https:\/\/isolameteo.it\/wordpress\/?p=692"},"modified":"2025-08-26T19:56:04","modified_gmt":"2025-08-26T19:56:04","slug":"sardegna-arriva-il-primo-vero-break-estivo-del-2025-temperature-in-picchiata-e-vento-di-maestrale","status":"publish","type":"post","link":"https:\/\/isolameteo.it\/wordpress\/index.php\/2025\/08\/26\/sardegna-arriva-il-primo-vero-break-estivo-del-2025-temperature-in-picchiata-e-vento-di-maestrale\/","title":{"rendered":"Primo Break Estivo 2025, Temperature in calo e Maestrale"},"content":{"rendered":"\n<p><strong>L&#8217;estate 2025 in Sardegna si prende una pausa. Un&#8217;incursione di aria pi\u00f9 fresca di origine atlantica \u00e8 pronta a scalzare temporaneamente l&#8217;anticiclone, portando un sensibile calo delle temperature, vento sostenuto di maestrale e anche qualche pioggia. Il picco di questa fase instabile \u00e8 atteso tra venerd\u00ec 29 e sabato 30 agosto, prima di un nuovo miglioramento a partire da domenica.<\/strong><\/p>\n\n\n\n<p>Dopo settimane di caldo intenso la Sardegna si appresta a vivere il primo vero break estivo della stagione 2025. Un cambiamento radicale dello scenario meteorologico \u00e8 alle porte, con un&#8217;irruzione di aria pi\u00f9 fresca che determiner\u00e0 un vistoso calo termico, ponendo fine, seppur temporaneamente, al dominio incontrastato del caldo africano.<\/p>\n\n\n<div class=\"wp-block-image\">\n<figure class=\"aligncenter size-full\"><img loading=\"lazy\" decoding=\"async\" width=\"766\" height=\"509\" src=\"https:\/\/isolameteo.it\/wordpress\/wp-content\/uploads\/2025\/08\/bassa_pressione_mediterranea_30.png\" alt=\"\" class=\"wp-image-694\" srcset=\"https:\/\/isolameteo.it\/wordpress\/wp-content\/uploads\/2025\/08\/bassa_pressione_mediterranea_30.png 766w, https:\/\/isolameteo.it\/wordpress\/wp-content\/uploads\/2025\/08\/bassa_pressione_mediterranea_30-300x199.png 300w\" sizes=\"auto, (max-width: 766px) 100vw, 766px\" \/><figcaption class=\"wp-element-caption\">Bassa pressione in sede mediterranea.<\/figcaption><\/figure>\n<\/div>\n\n\n<p>Le giornate pi\u00f9 fredde saranno quelle di <strong>venerd\u00ec 29 e sabato 30 agosto<\/strong>. Gi\u00e0 da venerd\u00ec, l&#8217;isola sar\u00e0 sferzata da un teso vento di <strong>maestrale<\/strong>, che spazzer\u00e0 le coste e l&#8217;entroterra, regalando un&#8217;atmosfera decisamente pi\u00f9 frizzante. Le temperature subiranno una drastica diminuzione, con le massime che difficilmente supereranno i <strong>28-29\u00b0C<\/strong>, valori ben al di sotto delle medie del periodo. Anche le minime notturne si attesteranno su valori freschi, intorno ai <strong>18\u00b0C<\/strong>.<\/p>\n\n\n\n<figure class=\"wp-block-image size-full\"><img loading=\"lazy\" decoding=\"async\" width=\"736\" height=\"690\" src=\"https:\/\/isolameteo.it\/wordpress\/wp-content\/uploads\/2025\/08\/spaghi_dal_26.png\" alt=\"\" class=\"wp-image-695\" srcset=\"https:\/\/isolameteo.it\/wordpress\/wp-content\/uploads\/2025\/08\/spaghi_dal_26.png 736w, https:\/\/isolameteo.it\/wordpress\/wp-content\/uploads\/2025\/08\/spaghi_dal_26-300x281.png 300w\" sizes=\"auto, (max-width: 736px) 100vw, 736px\" \/><\/figure>\n\n\n\n<p>Questo repentino cambiamento sar\u00e0 accompagnato da un aumento della nuvolosit\u00e0. Nella giornata di venerd\u00ec, in particolare, non si escludono <strong>piogge sparse<\/strong>, che tuttavia non dovrebbero risultare particolarmente intense o a carattere di nubifragio. Si tratter\u00e0 per lo pi\u00f9 di fenomeni di debole o moderata intensit\u00e0, che interesseranno a macchia di leopardo il territorio regionale.<\/p>\n\n\n<div class=\"wp-block-image\">\n<figure class=\"aligncenter size-full\"><img loading=\"lazy\" decoding=\"async\" width=\"345\" height=\"294\" src=\"https:\/\/isolameteo.it\/wordpress\/wp-content\/uploads\/2025\/08\/accumuli_piovosi_venerdi_29.png\" alt=\"\" class=\"wp-image-693\" srcset=\"https:\/\/isolameteo.it\/wordpress\/wp-content\/uploads\/2025\/08\/accumuli_piovosi_venerdi_29.png 345w, https:\/\/isolameteo.it\/wordpress\/wp-content\/uploads\/2025\/08\/accumuli_piovosi_venerdi_29-300x256.png 300w\" sizes=\"auto, (max-width: 345px) 100vw, 345px\" \/><figcaption class=\"wp-element-caption\">Accumuli piovosi Venerd\u00ec 29<\/figcaption><\/figure>\n<\/div>\n\n\n<p>Anche la giornata di <strong>sabato 30 agosto<\/strong> sar\u00e0 caratterizzata da condizioni di spiccata variabilit\u00e0, con il maestrale ancora protagonista, sebbene con intensit\u00e0 leggermente inferiore rispetto al giorno precedente. Le temperature si manterranno su valori simili, confermando un clima decisamente pi\u00f9 gradevole e lontano dalla calura dei giorni scorsi.<\/p>\n\n\n\n<p>La tregua dal caldo, per\u00f2, avr\u00e0 vita breve. Gi\u00e0 da <strong>domenica 31 agosto<\/strong> \u00e8 atteso un graduale miglioramento delle condizioni meteorologiche. Il vento di maestrale andr\u00e0 progressivamente calando, lasciando spazio a brezze pi\u00f9 deboli. Le temperature inizieranno una lenta ma costante risalita, riportandosi gradualmente verso valori pi\u00f9 tipicamente estivi, con il sole che torner\u00e0 a splendere su gran parte dell&#8217;isola.<\/p>\n\n\n\n<p>Questo break estivo di fine agosto rappresenta un&#8217;occasione per godere di una Sardegna diversa, con un clima pi\u00f9 mite e ventilato, ideale per le escursioni e per chi mal sopporta il caldo afoso. Un assaggio d&#8217;autunno nel cuore di un&#8217;estate che, a partire da domenica, promette di riprendere il suo corso, seppure in contesto sicuramente pi\u00f9 sopportabile e aderente a quello che l&#8217;inizio di settembre comporta.<\/p>\n\n\n\n<p>Qui le previsioni dettagliate:<\/p>\n\n\n\n<figure class=\"wp-block-embed is-type-wp-embed is-provider-isolameteo-it wp-block-embed-isolameteo-it\"><div class=\"wp-block-embed__wrapper\">\n<blockquote class=\"wp-embedded-content\" data-secret=\"Ct1fhmBxOr\"><a href=\"https:\/\/isolameteo.it\/wordpress\/index.php\/previsioni-sardegna\/\">Previsioni Sardegna<\/a><\/blockquote><iframe loading=\"lazy\" class=\"wp-embedded-content\" sandbox=\"allow-scripts\" security=\"restricted\" style=\"position: absolute; visibility: hidden;\" title=\"&#8220;Previsioni Sardegna&#8221; &#8212; isolameteo.it\" src=\"https:\/\/isolameteo.it\/wordpress\/index.php\/previsioni-sardegna\/embed\/#?secret=1bXIgOAl36#?secret=Ct1fhmBxOr\" data-secret=\"Ct1fhmBxOr\" width=\"600\" height=\"338\" frameborder=\"0\" marginwidth=\"0\" marginheight=\"0\" scrolling=\"no\"><\/iframe>\n<\/div><\/figure>\n","protected":false},"excerpt":{"rendered":"<p>L&#8217;estate 2025 in Sardegna si prende una pausa. Un&#8217;incursione di aria pi\u00f9 fresca di origine atlantica \u00e8 pronta a scalzare temporaneamente l&#8217;anticiclone, portando un sensibile calo delle temperature, vento sostenuto di maestrale e anche qualche pioggia. Il picco di questa fase instabile \u00e8 atteso tra venerd\u00ec 29 e sabato 30 agosto, prima di un nuovo [&hellip;]<\/p>\n","protected":false},"author":1,"featured_media":694,"comment_status":"closed","ping_status":"closed","sticky":false,"template":"","format":"standard","meta":{"cybocfi_hide_featured_image":"","footnotes":""},"categories":[3],"tags":[74,55,79,8,24,12,4,7,6,5,9,78],"class_list":["post-692","post","type-post","status-publish","format-standard","has-post-thumbnail","hentry","category-analisi-e-previsioni","tag-74","tag-break","tag-cold","tag-freddo","tag-maestrale","tag-maltempo","tag-meteo","tag-pioggia","tag-previsioni","tag-sardegna","tag-vento","tag-wind"],"jetpack_featured_media_url":"https:\/\/isolameteo.it\/wordpress\/wp-content\/uploads\/2025\/08\/bassa_pressione_mediterranea_30.png","_links":{"self":[{"href":"https:\/\/isolameteo.it\/wordpress\/index.php\/wp-json\/wp\/v2\/posts\/692","targetHints":{"allow":["GET"]}}],"collection":[{"href":"https:\/\/isolameteo.it\/wordpress\/index.php\/wp-json\/wp\/v2\/posts"}],"about":[{"href":"https:\/\/isolameteo.it\/wordpress\/index.php\/wp-json\/wp\/v2\/types\/post"}],"author":[{"embeddable":true,"href":"https:\/\/isolameteo.it\/wordpress\/index.php\/wp-json\/wp\/v2\/users\/1"}],"replies":[{"embeddable":true,"href":"https:\/\/isolameteo.it\/wordpress\/index.php\/wp-json\/wp\/v2\/comments?post=692"}],"version-history":[{"count":2,"href":"https:\/\/isolameteo.it\/wordpress\/index.php\/wp-json\/wp\/v2\/posts\/692\/revisions"}],"predecessor-version":[{"id":697,"href":"https:\/\/isolameteo.it\/wordpress\/index.php\/wp-json\/wp\/v2\/posts\/692\/revisions\/697"}],"wp:featuredmedia":[{"embeddable":true,"href":"https:\/\/isolameteo.it\/wordpress\/index.php\/wp-json\/wp\/v2\/media\/694"}],"wp:attachment":[{"href":"https:\/\/isolameteo.it\/wordpress\/index.php\/wp-json\/wp\/v2\/media?parent=692"}],"wp:term":[{"taxonomy":"category","embeddable":true,"href":"https:\/\/isolameteo.it\/wordpress\/index.php\/wp-json\/wp\/v2\/categories?post=692"},{"taxonomy":"post_tag","embeddable":true,"href":"https:\/\/isolameteo.it\/wordpress\/index.php\/wp-json\/wp\/v2\/tags?post=692"}],"curies":[{"name":"wp","href":"https:\/\/api.w.org\/{rel}","templated":true}]}}