{"id":683,"date":"2025-07-19T07:43:57","date_gmt":"2025-07-19T07:43:57","guid":{"rendered":"https:\/\/isolameteo.it\/wordpress\/?p=683"},"modified":"2025-07-19T07:44:03","modified_gmt":"2025-07-19T07:44:03","slug":"weekend-rovente-poi-rinfresca-la-sardegna-ritrova-la-sua-estate-normale","status":"publish","type":"post","link":"https:\/\/isolameteo.it\/wordpress\/index.php\/2025\/07\/19\/weekend-rovente-poi-rinfresca-la-sardegna-ritrova-la-sua-estate-normale\/","title":{"rendered":"Weekend rovente, poi rinfresca: La Sardegna Ritrova la Sua Estate &#8220;Normale&#8221;"},"content":{"rendered":"\n<p>Dopo un weekend che si preannuncia incandescente su tutta la Sardegna, l&#8217;inizio della prossima settimana segner\u00e0 un graduale ma significativo cambiamento delle condizioni meteorologiche. A partire da marted\u00ec gi\u00e0 si noter\u00e0 la presenza sempre pi\u00f9 insistente di correnti di maestrale, mentre da <strong>gioved\u00ec 24 luglio<\/strong>, in particolare, l&#8217;atmosfera si far\u00e0 decisamente pi\u00f9 gradevole grazie all&#8217;arrivo di <strong>aria pi\u00f9 fresca dal Nord Europa<\/strong>, un segnale che l&#8217;estate &#8220;normale&#8221; della Sardegna, caratterizzata dalla presenza dell&#8217;<strong>Anticiclone delle Azzorre<\/strong>, sta finalmente prendendo il sopravvento, mettendo fine alle ondate di calore africano degli ultimi anni, almeno per quello che ci permettono di vedere i modelli a lungo termine.<\/p>\n\n\n\n<hr class=\"wp-block-separator has-alpha-channel-opacity\"\/>\n\n\n<div class=\"wp-block-image\">\n<figure class=\"aligncenter size-full is-resized\"><img loading=\"lazy\" decoding=\"async\" width=\"739\" height=\"698\" src=\"https:\/\/isolameteo.it\/wordpress\/wp-content\/uploads\/2025\/07\/screenshot-www.meteociel.fr-2025.07.19-09_32_52.png\" alt=\"\" class=\"wp-image-684\" style=\"width:500px\" srcset=\"https:\/\/isolameteo.it\/wordpress\/wp-content\/uploads\/2025\/07\/screenshot-www.meteociel.fr-2025.07.19-09_32_52.png 739w, https:\/\/isolameteo.it\/wordpress\/wp-content\/uploads\/2025\/07\/screenshot-www.meteociel.fr-2025.07.19-09_32_52-300x283.png 300w\" sizes=\"auto, (max-width: 739px) 100vw, 739px\" \/><\/figure>\n<\/div>\n\n\n<h3 class=\"wp-block-heading\">Il Weekend del 19-21 Luglio: Caldo Estremo su Tutta l&#8217;Isola<\/h3>\n\n\n\n<p>Preparatevi ad affrontare giornate di caldo intenso e afa diffusa su tutta l&#8217;isola. L&#8217;alta pressione di matrice subtropicale, seppur non di origine africana, garantir\u00e0 un sole splendente e <strong>temperature ben al di sopra delle medie stagionali<\/strong>. Le massime potranno facilmente superare i <strong>35\u00b0C in molte aree interne e pianeggianti<\/strong>, con punte che sfioreranno i <strong>40\u00b0C<\/strong> nelle zone pi\u00f9 esposte. L&#8217;afa si far\u00e0 sentire in modo particolare lungo le coste, rendendo le notti tropicali in diverse localit\u00e0. <\/p>\n\n\n\n<hr class=\"wp-block-separator has-alpha-channel-opacity\"\/>\n\n\n\n<h3 class=\"wp-block-heading\">Luned\u00ec 21 (sera) e Marted\u00ec 22 Luglio: Ancora Caldo, ma con Segnali di Cambiamento<\/h3>\n\n\n\n<p>L&#8217;inizio della settimana vedr\u00e0 il persistere del caldo, ma con i primi timidi segnali di un&#8217;evoluzione. Le temperature rimarranno elevate, specialmente nelle aree interne e meridionali dell&#8217;isola. Tuttavia, una leggera diminuzione dell&#8217;umidit\u00e0 potrebbe rendere l&#8217;aria leggermente pi\u00f9 respirabile, soprattutto nelle ore serali. Non sono attesi fenomeni significativi, ma l&#8217;occhio sar\u00e0 puntato sui cambiamenti previsti per met\u00e0 settimana.<\/p>\n\n\n\n<hr class=\"wp-block-separator has-alpha-channel-opacity\"\/>\n\n\n\n<h3 class=\"wp-block-heading\">Da Gioved\u00ec 24 Luglio: Arriva il Respiro del Nord Europa<\/h3>\n\n\n\n<p>La svolta decisiva \u00e8 attesa per <strong>gioved\u00ec 24 luglio<\/strong>. Una massa d&#8217;aria pi\u00f9 fresca e secca proveniente direttamente dal <strong>Nord Europa<\/strong> si riverser\u00e0 sul Mediterraneo, raggiungendo anche la Sardegna. Questo favorir\u00e0 un <strong>apprezzabile calo delle temperature<\/strong> su tutta l&#8217;isola. Il fresco si far\u00e0 sentire in modo pi\u00f9 marcato, con le massime che potranno scendere anche di <strong>5-8\u00b0C<\/strong> rispetto ai giorni precedenti riportandosi su valori pi\u00f9 consoni al periodo estivo, generalmente <strong>tra i 28\u00b0C e i 32\u00b0C<\/strong>. Anche l&#8217;afa diminuir\u00e0 sensibilmente, rendendo il clima decisamente pi\u00f9 confortevole e piacevole.<\/p>\n\n\n\n<hr class=\"wp-block-separator has-alpha-channel-opacity\"\/>\n\n\n<div class=\"wp-block-image\">\n<figure class=\"aligncenter size-full is-resized\"><img loading=\"lazy\" decoding=\"async\" width=\"770\" height=\"511\" src=\"https:\/\/isolameteo.it\/wordpress\/wp-content\/uploads\/2025\/07\/screenshot-www.meteociel.fr-2025.07.19-09_34_00.png\" alt=\"\" class=\"wp-image-685\" style=\"width:600px\" srcset=\"https:\/\/isolameteo.it\/wordpress\/wp-content\/uploads\/2025\/07\/screenshot-www.meteociel.fr-2025.07.19-09_34_00.png 770w, https:\/\/isolameteo.it\/wordpress\/wp-content\/uploads\/2025\/07\/screenshot-www.meteociel.fr-2025.07.19-09_34_00-300x199.png 300w, https:\/\/isolameteo.it\/wordpress\/wp-content\/uploads\/2025\/07\/screenshot-www.meteociel.fr-2025.07.19-09_34_00-768x510.png 768w\" sizes=\"auto, (max-width: 770px) 100vw, 770px\" \/><\/figure>\n<\/div>\n\n<div class=\"wp-block-image\">\n<figure class=\"aligncenter size-full is-resized\"><img loading=\"lazy\" decoding=\"async\" width=\"768\" height=\"507\" src=\"https:\/\/isolameteo.it\/wordpress\/wp-content\/uploads\/2025\/07\/screenshot-www.meteociel.fr-2025.07.19-09_34_38.png\" alt=\"\" class=\"wp-image-686\" style=\"width:600px\" srcset=\"https:\/\/isolameteo.it\/wordpress\/wp-content\/uploads\/2025\/07\/screenshot-www.meteociel.fr-2025.07.19-09_34_38.png 768w, https:\/\/isolameteo.it\/wordpress\/wp-content\/uploads\/2025\/07\/screenshot-www.meteociel.fr-2025.07.19-09_34_38-300x198.png 300w\" sizes=\"auto, (max-width: 768px) 100vw, 768px\" \/><\/figure>\n<\/div>\n\n\n<h3 class=\"wp-block-heading\">Un proseguo dell&#8217;Estate all&#8217;Insegna dell&#8217;Anticiclone delle Azzorre per la Sardegna<\/h3>\n\n\n\n<p>Questo cambiamento \u00e8 un chiaro segnale della riaffermazione dell&#8217;<strong>Anticiclone delle Azzorre<\/strong>, il &#8220;vero&#8221; pilastro dell&#8217;estate mediterranea. Questa figura anticiclonica, a differenza di quelle di matrice africana, garantisce un caldo pi\u00f9 sopportabile, ventilato e con minori picchi di afa. Sebbene non si possano escludere brevi parentesi pi\u00f9 calde nel corso dell&#8217;estate, la tendenza sembra orientata verso un periodo pi\u00f9 stabile e gradevole, lontano dalle ondate di calore estreme che hanno caratterizzato la Sardegna negli ultimi anni, sicuramente una buona notizia.<\/p>\n\n\n\n<p>Al prossimo aggiornamento!<\/p>\n\n\n\n<p>Daniele.<\/p>\n","protected":false},"excerpt":{"rendered":"<p>Dopo un weekend che si preannuncia incandescente su tutta la Sardegna, l&#8217;inizio della prossima settimana segner\u00e0 un graduale ma significativo cambiamento delle condizioni meteorologiche. A partire da marted\u00ec gi\u00e0 si noter\u00e0 la presenza sempre pi\u00f9 insistente di correnti di maestrale, mentre da gioved\u00ec 24 luglio, in particolare, l&#8217;atmosfera si far\u00e0 decisamente pi\u00f9 gradevole grazie all&#8217;arrivo [&hellip;]<\/p>\n","protected":false},"author":1,"featured_media":686,"comment_status":"closed","ping_status":"closed","sticky":false,"template":"","format":"standard","meta":{"cybocfi_hide_featured_image":"","footnotes":""},"categories":[3],"tags":[75,29,43,24,77,4,27,6,5,23,9],"class_list":["post-683","post","type-post","status-publish","format-standard","has-post-thumbnail","hentry","category-analisi-e-previsioni","tag-anticiclone","tag-caldo","tag-estate","tag-maestrale","tag-mediterranea","tag-meteo","tag-nuvole","tag-previsioni","tag-sardegna","tag-sole","tag-vento"],"jetpack_featured_media_url":"https:\/\/isolameteo.it\/wordpress\/wp-content\/uploads\/2025\/07\/screenshot-www.meteociel.fr-2025.07.19-09_34_38.png","_links":{"self":[{"href":"https:\/\/isolameteo.it\/wordpress\/index.php\/wp-json\/wp\/v2\/posts\/683","targetHints":{"allow":["GET"]}}],"collection":[{"href":"https:\/\/isolameteo.it\/wordpress\/index.php\/wp-json\/wp\/v2\/posts"}],"about":[{"href":"https:\/\/isolameteo.it\/wordpress\/index.php\/wp-json\/wp\/v2\/types\/post"}],"author":[{"embeddable":true,"href":"https:\/\/isolameteo.it\/wordpress\/index.php\/wp-json\/wp\/v2\/users\/1"}],"replies":[{"embeddable":true,"href":"https:\/\/isolameteo.it\/wordpress\/index.php\/wp-json\/wp\/v2\/comments?post=683"}],"version-history":[{"count":2,"href":"https:\/\/isolameteo.it\/wordpress\/index.php\/wp-json\/wp\/v2\/posts\/683\/revisions"}],"predecessor-version":[{"id":688,"href":"https:\/\/isolameteo.it\/wordpress\/index.php\/wp-json\/wp\/v2\/posts\/683\/revisions\/688"}],"wp:featuredmedia":[{"embeddable":true,"href":"https:\/\/isolameteo.it\/wordpress\/index.php\/wp-json\/wp\/v2\/media\/686"}],"wp:attachment":[{"href":"https:\/\/isolameteo.it\/wordpress\/index.php\/wp-json\/wp\/v2\/media?parent=683"}],"wp:term":[{"taxonomy":"category","embeddable":true,"href":"https:\/\/isolameteo.it\/wordpress\/index.php\/wp-json\/wp\/v2\/categories?post=683"},{"taxonomy":"post_tag","embeddable":true,"href":"https:\/\/isolameteo.it\/wordpress\/index.php\/wp-json\/wp\/v2\/tags?post=683"}],"curies":[{"name":"wp","href":"https:\/\/api.w.org\/{rel}","templated":true}]}}